{"id":38178,"date":"2026-09-04T08:03:17","date_gmt":"2026-09-04T06:03:17","guid":{"rendered":"https:\/\/tierschutz.com\/?p=38178"},"modified":"2026-09-04T14:22:31","modified_gmt":"2026-09-04T12:22:31","slug":"elevage-de-torture-chez-les-chiens-et-les-chats-pourquoi-le-probleme-saggrave-au-lieu-de-sattenuer","status":"publish","type":"post","link":"https:\/\/mail.protection-animaux-psa.ch\/fr\/elevage-de-torture-chez-les-chiens-et-les-chats-pourquoi-le-probleme-saggrave-au-lieu-de-sattenuer\/","title":{"rendered":"\u00c9levage de torture chez les chiens et les chats\u00a0: pourquoi le probl\u00e8me s\u2019aggrave au lieu de s\u2019att\u00e9nuer"},"content":{"rendered":"\n<div class=\"wp-block-group alignfull has-background-background-color has-background is-layout-constrained wp-block-group-is-layout-constrained\"><h1 style=\"font-style:normal;font-weight:700\" class=\"wp-block-post-title has-text-align-center\">\u00c9levage de torture chez les chiens et les chats\u00a0: pourquoi le probl\u00e8me s\u2019aggrave au lieu de s\u2019att\u00e9nuer<\/h1>\n\n\n<p class=\"has-text-align-center has-large-font-size wp-block-paragraph\"><strong>Les bouledogues fran\u00e7ais sont l\u2019une des races de chiens les plus populaires en Suisse, les carlins et les Scottish Fold font \u00e9galement partie des animaux de compagnie tr\u00e8s demand\u00e9s. Dans le m\u00eame temps, il est prouv\u00e9 depuis des ann\u00e9es que beaucoup de ces animaux souffrent de difficult\u00e9s respiratoires, de douleurs et d\u2019autres troubles li\u00e9s \u00e0 leur \u00e9levage. La demande reste n\u00e9anmoins \u00e9lev\u00e9e. Pourquoi en est-il ainsi et qu\u2019est-ce qui devrait changer ?<\/strong><\/p>\n\n\n\n<hr class=\"wp-block-separator has-text-color has-primary-color has-alpha-channel-opacity has-primary-background-color has-background\"\/>\n\n\n\n<p class=\"wp-block-paragraph\">Viele Qualzuchten haben eines gemeinsam: Merkmale, die Menschen niedlich oder aussergew\u00f6hnlich finden, sind f\u00fcr die Tiere eine Belastung. Kurzk\u00f6pfige Hunde wie M\u00f6pse oder Franz\u00f6sische Bulldoggen leiden h\u00e4ufig unter Atemproblemen. Andere Tiere k\u00e4mpfen mit Fehlstellungen, Augenkrankheiten, Hautproblemen oder De nombreuses pratiques d\u2019\u00e9levages extr\u00eames ont un point commun&nbsp;: les caract\u00e9ristiques que les humains trouvent mignonnes ou originales repr\u00e9sentent une atteinte pour les animaux. Les chiens \u00e0 museau plat comme les carlins ou les bouledogues fran\u00e7ais souffrent souvent de probl\u00e8mes respiratoires. D\u2019autres animaux souffrent de dysplasies, de maladies oculaires, de probl\u00e8mes cutan\u00e9s ou de douleurs chroniques. Chez les Scottish Fold, par exemple, les oreilles repli\u00e9es caract\u00e9ristiques de ce chat sont la cons\u00e9quence d\u2019une anomalie g\u00e9n\u00e9tique qui peut affecter l\u2019ensemble de l\u2019appareil locomoteur.<\/p>\n\n\n\n<h3 id=\"h-pourquoi-les-elevages-de-torture-restent-malgre-tout-populaires\" class=\"wp-block-heading\"><strong>Pourquoi les \u00e9levages de torture restent malgr\u00e9 tout populaires<\/strong><\/h3>\n\n\n\n<p class=\"wp-block-paragraph\">Quand on croise un bouledogue fran\u00e7ais ou un carlin, on comprend ais\u00e9ment pourquoi ces animaux sont si recherch\u00e9s. De grands yeux, des visages ronds et un nez court rappellent les b\u00e9b\u00e9s humains. Les sp\u00e9cialistes parlent de sch\u00e9ma du b\u00e9b\u00e9 ou \u00ab&nbsp;Kindchenschema&nbsp;\u00bb. Il suscite des instincts de protection et rend les animaux particuli\u00e8rement attachants. \u00c0 cela s\u2019ajoutent des tendances soci\u00e9tales&nbsp;: certaines races sont pr\u00e9sentes sur les r\u00e9seaux sociaux, dans des campagnes publicitaires ou aupr\u00e8s de personnalit\u00e9s \u00e9minentes, l\u2019apparence primant \u00e0 cet \u00e9gard. Les probl\u00e8mes de sant\u00e9 sont souvent sous-estim\u00e9s ou minimis\u00e9s&nbsp;: ronflement, hal\u00e8tement et respiration bruyante sont consid\u00e9r\u00e9s \u00e0 tort comme normaux chez certaines races.<\/p>\n\n\n\n<h3 id=\"h-il-existe-des-lois-leur-application-laisse-a-desirer\" class=\"wp-block-heading\"><strong>Il existe des lois \u2013 leur application laisse \u00e0 d\u00e9sirer<\/strong><\/h3>\n\n\n\n<p class=\"wp-block-paragraph\">La Suisse dispose d\u2019ores et d\u00e9j\u00e0 de dispositions l\u00e9gales contre les types d\u2019\u00e9levage nuisibles&nbsp;: les animaux ne doivent pas \u00eatre \u00e9lev\u00e9s pour des caract\u00e9ristiques qui causent des douleurs, des souffrances ou des dommages. N\u00e9anmoins, le probl\u00e8me persiste. Du point de vue de la PSA, cela est moins d\u00fb \u00e0 l\u2019absence de r\u00e8gles qu\u2019\u00e0 leur mise en \u0153uvre. Les prescriptions existantes ne sont pas syst\u00e9matiquement contr\u00f4l\u00e9es et appliqu\u00e9es partout. De plus&nbsp;: aujourd\u2019hui, bon nombre d\u2019animaux sont import\u00e9s de l\u2019\u00e9tranger, souvent sans que les acheteuses et acheteurs sachent dans quelles conditions ils ont \u00e9t\u00e9 \u00e9lev\u00e9s.<\/p>\n\n\n\n<h3 id=\"h-pourquoi-une-simple-interdiction-d-elevage-ne-suffit-pas\" class=\"wp-block-heading\"><strong>Pourquoi une simple interdiction d\u2019\u00e9levage ne suffit pas<\/strong><\/h3>\n\n\n\n<p class=\"wp-block-paragraph\">Une interdiction nationale de l\u2019\u00e9levage de certaines races hypertyp\u00e9es semble \u00e9vidente \u00e0 premi\u00e8re vue. Le probl\u00e8me&nbsp;: tant que la demande persiste, le risque est d\u2019importer encore davantage d\u2019animaux de l\u2019\u00e9tranger. Cela ne ferait que d\u00e9placer la souffrance animale. Il serait en outre nettement plus difficile de contr\u00f4ler dans quelles conditions les animaux ont \u00e9t\u00e9 \u00e9lev\u00e9s, d\u00e9tenus et transport\u00e9s. Du point de vue de la PSA, il faut donc plus qu\u2019une simple interdiction d\u2019\u00e9levage&nbsp;: des interdictions de races suppl\u00e9mentaires doivent s\u2019accompagner d\u2019un contr\u00f4le efficace des importations, faute de quoi le probl\u00e8me ne fera que se d\u00e9placer \u00e0 l\u2019\u00e9tranger. C\u2019est pourquoi il convient d\u2019examiner si d\u2019autres races doivent \u00eatre interdites. L\u2019exemple des Pays-Bas montre qu\u2019un durcissement des r\u00e8gles est possible&nbsp;: des directives plus strictes qu\u2019en Suisse s\u2019appliquent d\u00e9j\u00e0 \u00e0 certaines races probl\u00e9matiques.<\/p>\n\n\n\n<h3 id=\"h-la-psa-s-engage-en-particulier-pour-les-mesures-suivantes-nbsp\" class=\"wp-block-heading\"><strong>La PSA s\u2019engage en particulier pour les mesures suivantes&nbsp;:<\/strong><\/h3>\n\n\n\n<ul class=\"wp-block-list\">\n<li><strong>La sant\u00e9 avant l\u2019apparence\u00a0:<\/strong> les animaux pr\u00e9sentant des caract\u00e9ristiques d\u2019\u00e9levage pr\u00e9judiciables ne peuvent plus \u00eatre utilis\u00e9s \u00e0 des fins d\u2019\u00e9levage.<\/li>\n<\/ul>\n\n\n\n<ul class=\"wp-block-list\">\n<li><strong>Une application plus rigoureuse de la loi\u00a0:<\/strong> les prescriptions l\u00e9gales existantes doivent \u00eatre contr\u00f4l\u00e9es et appliqu\u00e9es de mani\u00e8re uniforme dans toute la Suisse.<\/li>\n<\/ul>\n\n\n\n<ul class=\"wp-block-list\">\n<li><strong>Contr\u00f4le plus strict des importations\u00a0:<\/strong> les animaux hypertyp\u00e9s ne doivent pas arriver en Suisse de mani\u00e8re incontr\u00f4l\u00e9e via les importations depuis l\u2019\u00e9tranger.<\/li>\n<\/ul>\n\n\n\n<p class=\"wp-block-paragraph\">En outre, une plus forte sensibilisation est n\u00e9cessaire&nbsp;: en s\u2019informant avant d\u2019acheter un animal et en accordant plus d\u2019importance \u00e0 la sant\u00e9 plut\u00f4t qu\u2019\u00e0 l\u2019apparence, on contribue \u00e0 r\u00e9duire la demande pour les races hypertyp\u00e9es.<\/p>\n<\/div>\n","protected":false},"excerpt":{"rendered":"<p>Les bouledogues fran\u00e7ais sont l\u2019une des races de chiens les plus populaires en Suisse, les carlins et les Scottish Fold font \u00e9galement partie des animaux de compagnie tr\u00e8s demand\u00e9s. Dans le m\u00eame temps, il est prouv\u00e9 depuis des ann\u00e9es que beaucoup de ces animaux souffrent de difficult\u00e9s respiratoires, de douleurs et d\u2019autres troubles li\u00e9s \u00e0 leur \u00e9levage. La demande reste n\u00e9anmoins \u00e9lev\u00e9e. Pourquoi en est-il ainsi et qu\u2019est-ce qui devrait changer ?<\/p>\n","protected":false},"author":5,"featured_media":38177,"comment_status":"closed","ping_status":"closed","sticky":false,"template":"","format":"standard","meta":{"_acf_changed":false,"inline_featured_image":false,"_vp_format_video_url":"","_vp_image_focal_point":[],"footnotes":""},"categories":[259,365],"tags":[],"class_list":["post-38178","post","type-post","status-publish","format-standard","has-post-thumbnail","hentry","category-animaux-de-compagnie","category-news-psa"],"acf":[],"yoast_head":"<!-- This site is optimized with the Yoast SEO Premium plugin v28.4 (Yoast SEO v28.4) - https:\/\/yoast.com\/product\/yoast-seo-premium-wordpress\/ -->\n<title>\u00c9levage de torture chez les chiens et les chats\u00a0: pourquoi le probl\u00e8me s\u2019aggrave au lieu de s\u2019att\u00e9nuer - Protection Suisse des Animaux PSA<\/title>\n<meta name=\"description\" content=\"Les bouledogues fran\u00e7ais sont l\u2019une des races de chiens les plus populaires en Suisse, les carlins et les Scottish Fold font \u00e9galement partie des animaux de compagnie tr\u00e8s demand\u00e9s.\" \/>\n<meta name=\"robots\" content=\"index, follow, max-snippet:-1, max-image-preview:large, max-video-preview:-1\" \/>\n<link rel=\"canonical\" href=\"https:\/\/mail.protection-animaux-psa.ch\/fr\/elevage-de-torture-chez-les-chiens-et-les-chats-pourquoi-le-probleme-saggrave-au-lieu-de-sattenuer\/\" \/>\n<meta property=\"og:locale\" content=\"fr_FR\" \/>\n<meta property=\"og:type\" content=\"article\" \/>\n<meta property=\"og:title\" content=\"\u00c9levage de torture chez les chiens et les chats\u00a0: pourquoi le probl\u00e8me s\u2019aggrave au lieu de s\u2019att\u00e9nuer\" \/>\n<meta property=\"og:description\" content=\"Les bouledogues fran\u00e7ais sont l\u2019une des races de chiens les plus populaires en Suisse, les carlins et les Scottish Fold font \u00e9galement partie des animaux de compagnie tr\u00e8s demand\u00e9s.\" \/>\n<meta property=\"og:url\" content=\"https:\/\/mail.protection-animaux-psa.ch\/fr\/elevage-de-torture-chez-les-chiens-et-les-chats-pourquoi-le-probleme-saggrave-au-lieu-de-sattenuer\/\" \/>\n<meta property=\"og:site_name\" content=\"Protection Suisse des Animaux PSA\" \/>\n<meta property=\"article:publisher\" content=\"https:\/\/www.facebook.com\/schweizertierschutz\/\" \/>\n<meta property=\"article:published_time\" content=\"2026-09-04T06:03:17+00:00\" \/>\n<meta property=\"article:modified_time\" content=\"2026-09-04T12:22:31+00:00\" \/>\n<meta property=\"og:image\" content=\"https:\/\/tierschutz.com\/app\/uploads\/2026\/09\/shutterstock_2307433689-scaled.jpg\" \/>\n\t<meta property=\"og:image:width\" content=\"2560\" \/>\n\t<meta property=\"og:image:height\" content=\"1704\" \/>\n\t<meta property=\"og:image:type\" content=\"image\/jpeg\" \/>\n<meta name=\"author\" content=\"Guido Frefel\" \/>\n<meta name=\"twitter:card\" content=\"summary_large_image\" \/>\n<meta name=\"twitter:label1\" content=\"\u00c9crit par\" \/>\n\t<meta name=\"twitter:data1\" content=\"Guido Frefel\" \/>\n\t<meta name=\"twitter:label2\" content=\"Dur\u00e9e de lecture estim\u00e9e\" \/>\n\t<meta name=\"twitter:data2\" content=\"4 minutes\" \/>\n<script type=\"application\/ld+json\" class=\"yoast-schema-graph\">{\"@context\":\"https:\\\/\\\/schema.org\",\"@graph\":[{\"@type\":\"NewsArticle\",\"@id\":\"https:\\\/\\\/mail.protection-animaux-psa.ch\\\/fr\\\/elevage-de-torture-chez-les-chiens-et-les-chats-pourquoi-le-probleme-saggrave-au-lieu-de-sattenuer\\\/#article\",\"isPartOf\":{\"@id\":\"https:\\\/\\\/mail.protection-animaux-psa.ch\\\/fr\\\/elevage-de-torture-chez-les-chiens-et-les-chats-pourquoi-le-probleme-saggrave-au-lieu-de-sattenuer\\\/\"},\"author\":{\"name\":\"Guido Frefel\",\"@id\":\"https:\\\/\\\/tierschutz.com\\\/#\\\/schema\\\/person\\\/2f0866fbb7709f9845f927e991dc6eac\"},\"headline\":\"\u00c9levage de torture chez les chiens et les chats\u00a0: pourquoi le probl\u00e8me s\u2019aggrave au lieu de s\u2019att\u00e9nuer\",\"datePublished\":\"2026-09-04T06:03:17+00:00\",\"dateModified\":\"2026-09-04T12:22:31+00:00\",\"mainEntityOfPage\":{\"@id\":\"https:\\\/\\\/mail.protection-animaux-psa.ch\\\/fr\\\/elevage-de-torture-chez-les-chiens-et-les-chats-pourquoi-le-probleme-saggrave-au-lieu-de-sattenuer\\\/\"},\"wordCount\":809,\"publisher\":{\"@id\":\"https:\\\/\\\/tierschutz.com\\\/#organization\"},\"image\":{\"@id\":\"https:\\\/\\\/mail.protection-animaux-psa.ch\\\/fr\\\/elevage-de-torture-chez-les-chiens-et-les-chats-pourquoi-le-probleme-saggrave-au-lieu-de-sattenuer\\\/#primaryimage\"},\"thumbnailUrl\":\"https:\\\/\\\/mail.protection-animaux-psa.ch\\\/app\\\/uploads\\\/2026\\\/09\\\/shutterstock_2307433689-scaled.jpg\",\"articleSection\":[\"Animaux de compagnie\",\"News PSA\"],\"inLanguage\":\"fr-FR\"},{\"@type\":\"WebPage\",\"@id\":\"https:\\\/\\\/mail.protection-animaux-psa.ch\\\/fr\\\/elevage-de-torture-chez-les-chiens-et-les-chats-pourquoi-le-probleme-saggrave-au-lieu-de-sattenuer\\\/\",\"url\":\"https:\\\/\\\/mail.protection-animaux-psa.ch\\\/fr\\\/elevage-de-torture-chez-les-chiens-et-les-chats-pourquoi-le-probleme-saggrave-au-lieu-de-sattenuer\\\/\",\"name\":\"\u00c9levage de torture chez les chiens et les chats\u00a0: pourquoi le probl\u00e8me s\u2019aggrave au lieu de s\u2019att\u00e9nuer - Protection Suisse des Animaux PSA\",\"isPartOf\":{\"@id\":\"https:\\\/\\\/tierschutz.com\\\/#website\"},\"primaryImageOfPage\":{\"@id\":\"https:\\\/\\\/mail.protection-animaux-psa.ch\\\/fr\\\/elevage-de-torture-chez-les-chiens-et-les-chats-pourquoi-le-probleme-saggrave-au-lieu-de-sattenuer\\\/#primaryimage\"},\"image\":{\"@id\":\"https:\\\/\\\/mail.protection-animaux-psa.ch\\\/fr\\\/elevage-de-torture-chez-les-chiens-et-les-chats-pourquoi-le-probleme-saggrave-au-lieu-de-sattenuer\\\/#primaryimage\"},\"thumbnailUrl\":\"https:\\\/\\\/mail.protection-animaux-psa.ch\\\/app\\\/uploads\\\/2026\\\/09\\\/shutterstock_2307433689-scaled.jpg\",\"datePublished\":\"2026-09-04T06:03:17+00:00\",\"dateModified\":\"2026-09-04T12:22:31+00:00\",\"description\":\"Les bouledogues fran\u00e7ais sont l\u2019une des races de chiens les plus populaires en Suisse, les carlins et les Scottish Fold font \u00e9galement partie des animaux de compagnie tr\u00e8s demand\u00e9s.\",\"breadcrumb\":{\"@id\":\"https:\\\/\\\/mail.protection-animaux-psa.ch\\\/fr\\\/elevage-de-torture-chez-les-chiens-et-les-chats-pourquoi-le-probleme-saggrave-au-lieu-de-sattenuer\\\/#breadcrumb\"},\"inLanguage\":\"fr-FR\",\"potentialAction\":[{\"@type\":\"ReadAction\",\"target\":[\"https:\\\/\\\/mail.protection-animaux-psa.ch\\\/fr\\\/elevage-de-torture-chez-les-chiens-et-les-chats-pourquoi-le-probleme-saggrave-au-lieu-de-sattenuer\\\/\"]}]},{\"@type\":\"ImageObject\",\"inLanguage\":\"fr-FR\",\"@id\":\"https:\\\/\\\/mail.protection-animaux-psa.ch\\\/fr\\\/elevage-de-torture-chez-les-chiens-et-les-chats-pourquoi-le-probleme-saggrave-au-lieu-de-sattenuer\\\/#primaryimage\",\"url\":\"https:\\\/\\\/mail.protection-animaux-psa.ch\\\/app\\\/uploads\\\/2026\\\/09\\\/shutterstock_2307433689-scaled.jpg\",\"contentUrl\":\"https:\\\/\\\/mail.protection-animaux-psa.ch\\\/app\\\/uploads\\\/2026\\\/09\\\/shutterstock_2307433689-scaled.jpg\",\"width\":2560,\"height\":1704},{\"@type\":\"BreadcrumbList\",\"@id\":\"https:\\\/\\\/mail.protection-animaux-psa.ch\\\/fr\\\/elevage-de-torture-chez-les-chiens-et-les-chats-pourquoi-le-probleme-saggrave-au-lieu-de-sattenuer\\\/#breadcrumb\",\"itemListElement\":[{\"@type\":\"ListItem\",\"position\":1,\"name\":\"Page d\u2019accueil\",\"item\":\"https:\\\/\\\/mail.schweizertierschutz.ch\\\/fr\\\/\"},{\"@type\":\"ListItem\",\"position\":2,\"name\":\"\u00c9levage de torture chez les chiens et les chats\u00a0: pourquoi le probl\u00e8me s\u2019aggrave au lieu de s\u2019att\u00e9nuer\"}]},{\"@type\":\"WebSite\",\"@id\":\"https:\\\/\\\/tierschutz.com\\\/#website\",\"url\":\"https:\\\/\\\/tierschutz.com\\\/\",\"name\":\"tierschutz.com\",\"description\":\"Wir setzen uns f\u00fcr das Wohl der Tiere ein.\",\"publisher\":{\"@id\":\"https:\\\/\\\/tierschutz.com\\\/#organization\"},\"alternateName\":\"Schweizer Tierschutz STS\",\"potentialAction\":[{\"@type\":\"SearchAction\",\"target\":{\"@type\":\"EntryPoint\",\"urlTemplate\":\"https:\\\/\\\/tierschutz.com\\\/?s={search_term_string}\"},\"query-input\":{\"@type\":\"PropertyValueSpecification\",\"valueRequired\":true,\"valueName\":\"search_term_string\"}}],\"inLanguage\":\"fr-FR\"},{\"@type\":\"Organization\",\"@id\":\"https:\\\/\\\/tierschutz.com\\\/#organization\",\"name\":\"Schweizer Tierschutz STS\",\"alternateName\":\"STS\",\"url\":\"https:\\\/\\\/tierschutz.com\\\/\",\"logo\":{\"@type\":\"ImageObject\",\"inLanguage\":\"fr-FR\",\"@id\":\"https:\\\/\\\/tierschutz.com\\\/#\\\/schema\\\/logo\\\/image\\\/\",\"url\":\"https:\\\/\\\/mail.protection-animaux-psa.ch\\\/app\\\/uploads\\\/2024\\\/04\\\/logo-schweizer-tierschutz-sts-1.svg\",\"contentUrl\":\"https:\\\/\\\/mail.protection-animaux-psa.ch\\\/app\\\/uploads\\\/2024\\\/04\\\/logo-schweizer-tierschutz-sts-1.svg\",\"caption\":\"Schweizer Tierschutz STS\"},\"image\":{\"@id\":\"https:\\\/\\\/tierschutz.com\\\/#\\\/schema\\\/logo\\\/image\\\/\"},\"sameAs\":[\"https:\\\/\\\/www.facebook.com\\\/schweizertierschutz\\\/\",\"https:\\\/\\\/www.instagram.com\\\/schweizertierschutzsts\\\/\",\"https:\\\/\\\/www.youtube.com\\\/@STS_Tierschutz\",\"https:\\\/\\\/www.linkedin.com\\\/company\\\/schweizertierschutzsts\\\/\"],\"description\":\"Der Schweizer Tierschutz STS ist der Dachverband von 71 Tierschutzorganisationen in allen Sprachregionen der Schweiz und in Liechtenstein. Seine Mitarbeitenden leisten wissenschaftlich fundierte Grundlagenarbeit, setzen sich mit Projekten und Aktionen f\u00fcr den Schutz und das Wohlbefinden von Heim-, Wild-, Nutz- und Versuchstieren ein und sensibilisieren die \u00d6ffentlichkeit f\u00fcr Tierschutzthemen.\",\"email\":\"sts@tierschutz.com\",\"telephone\":\"061 365 99 99\",\"legalName\":\"Schweizer Tierschutz STS\"},{\"@type\":\"Person\",\"@id\":\"https:\\\/\\\/tierschutz.com\\\/#\\\/schema\\\/person\\\/2f0866fbb7709f9845f927e991dc6eac\",\"name\":\"Guido Frefel\",\"image\":{\"@type\":\"ImageObject\",\"inLanguage\":\"fr-FR\",\"@id\":\"https:\\\/\\\/secure.gravatar.com\\\/avatar\\\/c2b1ea7548b3b8bf66acfb1b652d375c97f2f55418edb488301c1306f8fd825a?s=96&d=mm&r=g\",\"url\":\"https:\\\/\\\/secure.gravatar.com\\\/avatar\\\/c2b1ea7548b3b8bf66acfb1b652d375c97f2f55418edb488301c1306f8fd825a?s=96&d=mm&r=g\",\"contentUrl\":\"https:\\\/\\\/secure.gravatar.com\\\/avatar\\\/c2b1ea7548b3b8bf66acfb1b652d375c97f2f55418edb488301c1306f8fd825a?s=96&d=mm&r=g\",\"caption\":\"Guido Frefel\"},\"url\":\"https:\\\/\\\/mail.protection-animaux-psa.ch\\\/fr\\\/author\\\/guido-frefel\\\/\"}]}<\/script>\n<!-- \/ Yoast SEO Premium plugin. -->","yoast_head_json":{"title":"\u00c9levage de torture chez les chiens et les chats\u00a0: pourquoi le probl\u00e8me s\u2019aggrave au lieu de s\u2019att\u00e9nuer - Protection Suisse des Animaux PSA","description":"Les bouledogues fran\u00e7ais sont l\u2019une des races de chiens les plus populaires en Suisse, les carlins et les Scottish Fold font \u00e9galement partie des animaux de compagnie tr\u00e8s demand\u00e9s.","robots":{"index":"index","follow":"follow","max-snippet":"max-snippet:-1","max-image-preview":"max-image-preview:large","max-video-preview":"max-video-preview:-1"},"canonical":"https:\/\/mail.protection-animaux-psa.ch\/fr\/elevage-de-torture-chez-les-chiens-et-les-chats-pourquoi-le-probleme-saggrave-au-lieu-de-sattenuer\/","og_locale":"fr_FR","og_type":"article","og_title":"\u00c9levage de torture chez les chiens et les chats\u00a0: pourquoi le probl\u00e8me s\u2019aggrave au lieu de s\u2019att\u00e9nuer","og_description":"Les bouledogues fran\u00e7ais sont l\u2019une des races de chiens les plus populaires en Suisse, les carlins et les Scottish Fold font \u00e9galement partie des animaux de compagnie tr\u00e8s demand\u00e9s.","og_url":"https:\/\/mail.protection-animaux-psa.ch\/fr\/elevage-de-torture-chez-les-chiens-et-les-chats-pourquoi-le-probleme-saggrave-au-lieu-de-sattenuer\/","og_site_name":"Protection Suisse des Animaux PSA","article_publisher":"https:\/\/www.facebook.com\/schweizertierschutz\/","article_published_time":"2026-09-04T06:03:17+00:00","article_modified_time":"2026-09-04T12:22:31+00:00","og_image":[{"width":2560,"height":1704,"url":"https:\/\/tierschutz.com\/app\/uploads\/2026\/09\/shutterstock_2307433689-scaled.jpg","type":"image\/jpeg"}],"author":"Guido Frefel","twitter_card":"summary_large_image","twitter_misc":{"\u00c9crit par":"Guido Frefel","Dur\u00e9e de lecture estim\u00e9e":"4 minutes"},"schema":{"@context":"https:\/\/schema.org","@graph":[{"@type":"NewsArticle","@id":"https:\/\/mail.protection-animaux-psa.ch\/fr\/elevage-de-torture-chez-les-chiens-et-les-chats-pourquoi-le-probleme-saggrave-au-lieu-de-sattenuer\/#article","isPartOf":{"@id":"https:\/\/mail.protection-animaux-psa.ch\/fr\/elevage-de-torture-chez-les-chiens-et-les-chats-pourquoi-le-probleme-saggrave-au-lieu-de-sattenuer\/"},"author":{"name":"Guido Frefel","@id":"https:\/\/tierschutz.com\/#\/schema\/person\/2f0866fbb7709f9845f927e991dc6eac"},"headline":"\u00c9levage de torture chez les chiens et les chats\u00a0: pourquoi le probl\u00e8me s\u2019aggrave au lieu de s\u2019att\u00e9nuer","datePublished":"2026-09-04T06:03:17+00:00","dateModified":"2026-09-04T12:22:31+00:00","mainEntityOfPage":{"@id":"https:\/\/mail.protection-animaux-psa.ch\/fr\/elevage-de-torture-chez-les-chiens-et-les-chats-pourquoi-le-probleme-saggrave-au-lieu-de-sattenuer\/"},"wordCount":809,"publisher":{"@id":"https:\/\/tierschutz.com\/#organization"},"image":{"@id":"https:\/\/mail.protection-animaux-psa.ch\/fr\/elevage-de-torture-chez-les-chiens-et-les-chats-pourquoi-le-probleme-saggrave-au-lieu-de-sattenuer\/#primaryimage"},"thumbnailUrl":"https:\/\/mail.protection-animaux-psa.ch\/app\/uploads\/2026\/09\/shutterstock_2307433689-scaled.jpg","articleSection":["Animaux de compagnie","News PSA"],"inLanguage":"fr-FR"},{"@type":"WebPage","@id":"https:\/\/mail.protection-animaux-psa.ch\/fr\/elevage-de-torture-chez-les-chiens-et-les-chats-pourquoi-le-probleme-saggrave-au-lieu-de-sattenuer\/","url":"https:\/\/mail.protection-animaux-psa.ch\/fr\/elevage-de-torture-chez-les-chiens-et-les-chats-pourquoi-le-probleme-saggrave-au-lieu-de-sattenuer\/","name":"\u00c9levage de torture chez les chiens et les chats\u00a0: pourquoi le probl\u00e8me s\u2019aggrave au lieu de s\u2019att\u00e9nuer - Protection Suisse des Animaux PSA","isPartOf":{"@id":"https:\/\/tierschutz.com\/#website"},"primaryImageOfPage":{"@id":"https:\/\/mail.protection-animaux-psa.ch\/fr\/elevage-de-torture-chez-les-chiens-et-les-chats-pourquoi-le-probleme-saggrave-au-lieu-de-sattenuer\/#primaryimage"},"image":{"@id":"https:\/\/mail.protection-animaux-psa.ch\/fr\/elevage-de-torture-chez-les-chiens-et-les-chats-pourquoi-le-probleme-saggrave-au-lieu-de-sattenuer\/#primaryimage"},"thumbnailUrl":"https:\/\/mail.protection-animaux-psa.ch\/app\/uploads\/2026\/09\/shutterstock_2307433689-scaled.jpg","datePublished":"2026-09-04T06:03:17+00:00","dateModified":"2026-09-04T12:22:31+00:00","description":"Les bouledogues fran\u00e7ais sont l\u2019une des races de chiens les plus populaires en Suisse, les carlins et les Scottish Fold font \u00e9galement partie des animaux de compagnie tr\u00e8s demand\u00e9s.","breadcrumb":{"@id":"https:\/\/mail.protection-animaux-psa.ch\/fr\/elevage-de-torture-chez-les-chiens-et-les-chats-pourquoi-le-probleme-saggrave-au-lieu-de-sattenuer\/#breadcrumb"},"inLanguage":"fr-FR","potentialAction":[{"@type":"ReadAction","target":["https:\/\/mail.protection-animaux-psa.ch\/fr\/elevage-de-torture-chez-les-chiens-et-les-chats-pourquoi-le-probleme-saggrave-au-lieu-de-sattenuer\/"]}]},{"@type":"ImageObject","inLanguage":"fr-FR","@id":"https:\/\/mail.protection-animaux-psa.ch\/fr\/elevage-de-torture-chez-les-chiens-et-les-chats-pourquoi-le-probleme-saggrave-au-lieu-de-sattenuer\/#primaryimage","url":"https:\/\/mail.protection-animaux-psa.ch\/app\/uploads\/2026\/09\/shutterstock_2307433689-scaled.jpg","contentUrl":"https:\/\/mail.protection-animaux-psa.ch\/app\/uploads\/2026\/09\/shutterstock_2307433689-scaled.jpg","width":2560,"height":1704},{"@type":"BreadcrumbList","@id":"https:\/\/mail.protection-animaux-psa.ch\/fr\/elevage-de-torture-chez-les-chiens-et-les-chats-pourquoi-le-probleme-saggrave-au-lieu-de-sattenuer\/#breadcrumb","itemListElement":[{"@type":"ListItem","position":1,"name":"Page d\u2019accueil","item":"https:\/\/mail.schweizertierschutz.ch\/fr\/"},{"@type":"ListItem","position":2,"name":"\u00c9levage de torture chez les chiens et les chats\u00a0: pourquoi le probl\u00e8me s\u2019aggrave au lieu de s\u2019att\u00e9nuer"}]},{"@type":"WebSite","@id":"https:\/\/tierschutz.com\/#website","url":"https:\/\/tierschutz.com\/","name":"tierschutz.com","description":"Wir setzen uns f\u00fcr das Wohl der Tiere ein.","publisher":{"@id":"https:\/\/tierschutz.com\/#organization"},"alternateName":"Schweizer Tierschutz STS","potentialAction":[{"@type":"SearchAction","target":{"@type":"EntryPoint","urlTemplate":"https:\/\/tierschutz.com\/?s={search_term_string}"},"query-input":{"@type":"PropertyValueSpecification","valueRequired":true,"valueName":"search_term_string"}}],"inLanguage":"fr-FR"},{"@type":"Organization","@id":"https:\/\/tierschutz.com\/#organization","name":"Schweizer Tierschutz STS","alternateName":"STS","url":"https:\/\/tierschutz.com\/","logo":{"@type":"ImageObject","inLanguage":"fr-FR","@id":"https:\/\/tierschutz.com\/#\/schema\/logo\/image\/","url":"https:\/\/mail.protection-animaux-psa.ch\/app\/uploads\/2024\/04\/logo-schweizer-tierschutz-sts-1.svg","contentUrl":"https:\/\/mail.protection-animaux-psa.ch\/app\/uploads\/2024\/04\/logo-schweizer-tierschutz-sts-1.svg","caption":"Schweizer Tierschutz STS"},"image":{"@id":"https:\/\/tierschutz.com\/#\/schema\/logo\/image\/"},"sameAs":["https:\/\/www.facebook.com\/schweizertierschutz\/","https:\/\/www.instagram.com\/schweizertierschutzsts\/","https:\/\/www.youtube.com\/@STS_Tierschutz","https:\/\/www.linkedin.com\/company\/schweizertierschutzsts\/"],"description":"Der Schweizer Tierschutz STS ist der Dachverband von 71 Tierschutzorganisationen in allen Sprachregionen der Schweiz und in Liechtenstein. Seine Mitarbeitenden leisten wissenschaftlich fundierte Grundlagenarbeit, setzen sich mit Projekten und Aktionen f\u00fcr den Schutz und das Wohlbefinden von Heim-, Wild-, Nutz- und Versuchstieren ein und sensibilisieren die \u00d6ffentlichkeit f\u00fcr Tierschutzthemen.","email":"sts@tierschutz.com","telephone":"061 365 99 99","legalName":"Schweizer Tierschutz STS"},{"@type":"Person","@id":"https:\/\/tierschutz.com\/#\/schema\/person\/2f0866fbb7709f9845f927e991dc6eac","name":"Guido Frefel","image":{"@type":"ImageObject","inLanguage":"fr-FR","@id":"https:\/\/secure.gravatar.com\/avatar\/c2b1ea7548b3b8bf66acfb1b652d375c97f2f55418edb488301c1306f8fd825a?s=96&d=mm&r=g","url":"https:\/\/secure.gravatar.com\/avatar\/c2b1ea7548b3b8bf66acfb1b652d375c97f2f55418edb488301c1306f8fd825a?s=96&d=mm&r=g","contentUrl":"https:\/\/secure.gravatar.com\/avatar\/c2b1ea7548b3b8bf66acfb1b652d375c97f2f55418edb488301c1306f8fd825a?s=96&d=mm&r=g","caption":"Guido Frefel"},"url":"https:\/\/mail.protection-animaux-psa.ch\/fr\/author\/guido-frefel\/"}]}},"_links":{"self":[{"href":"https:\/\/mail.protection-animaux-psa.ch\/fr\/wp-json\/wp\/v2\/posts\/38178","targetHints":{"allow":["GET"]}}],"collection":[{"href":"https:\/\/mail.protection-animaux-psa.ch\/fr\/wp-json\/wp\/v2\/posts"}],"about":[{"href":"https:\/\/mail.protection-animaux-psa.ch\/fr\/wp-json\/wp\/v2\/types\/post"}],"author":[{"embeddable":true,"href":"https:\/\/mail.protection-animaux-psa.ch\/fr\/wp-json\/wp\/v2\/users\/5"}],"replies":[{"embeddable":true,"href":"https:\/\/mail.protection-animaux-psa.ch\/fr\/wp-json\/wp\/v2\/comments?post=38178"}],"version-history":[{"count":1,"href":"https:\/\/mail.protection-animaux-psa.ch\/fr\/wp-json\/wp\/v2\/posts\/38178\/revisions"}],"predecessor-version":[{"id":38179,"href":"https:\/\/mail.protection-animaux-psa.ch\/fr\/wp-json\/wp\/v2\/posts\/38178\/revisions\/38179"}],"wp:featuredmedia":[{"embeddable":true,"href":"https:\/\/mail.protection-animaux-psa.ch\/fr\/wp-json\/wp\/v2\/media\/38177"}],"wp:attachment":[{"href":"https:\/\/mail.protection-animaux-psa.ch\/fr\/wp-json\/wp\/v2\/media?parent=38178"}],"wp:term":[{"taxonomy":"category","embeddable":true,"href":"https:\/\/mail.protection-animaux-psa.ch\/fr\/wp-json\/wp\/v2\/categories?post=38178"},{"taxonomy":"post_tag","embeddable":true,"href":"https:\/\/mail.protection-animaux-psa.ch\/fr\/wp-json\/wp\/v2\/tags?post=38178"}],"curies":[{"name":"wp","href":"https:\/\/api.w.org\/{rel}","templated":true}]}}